{"id":1040,"date":"2025-08-07T11:59:00","date_gmt":"2025-08-07T11:59:00","guid":{"rendered":"https:\/\/xtremec.com\/?p=1040"},"modified":"2025-08-30T18:02:09","modified_gmt":"2025-08-30T18:02:09","slug":"restauracion-forestal","status":"publish","type":"post","link":"https:\/\/xtremec.com\/index.php\/2025\/08\/07\/restauracion-forestal\/","title":{"rendered":"Restauraci\u00f3n Forestal"},"content":{"rendered":"\n<p><a href=\"https:\/\/www.facebook.com\/hashtag\/ambiente?__eep__=6&amp;__cft__[0]=AZUi5iynzda0Nz3-5HV0kqviRL-SGITicnHANwlOD5GtJjSB17pCooLOZDIF_9xQKU_q4c2rPvK0MpE3s2u-Pswa0prd4zEoYzsQT3pqW4oRp0FbTQNrup-SpRMO6VExjXYH_X8srM35Dh4i3rjtDAFgKkCEKBMkCJAWUYsYQJ1nOw&amp;__tn__=*NK-R\">#Ambiente<\/a><img decoding=\"async\" height=\"16\" width=\"16\" alt=\"\ud83c\udf31\" src=\"https:\/\/static.xx.fbcdn.net\/images\/emoji.php\/v9\/t69\/1\/16\/1f331.png\"> \u00a1Un paso firme hacia la restauraci\u00f3n forestal en Pastaza!<\/p>\n\n\n\n<p>El Gobierno de Pastaza en colaboraci\u00f3n con el Ministerio del Ambiente, Agua y Transici\u00f3n Ecol\u00f3gica de Ecuador y a trav\u00e9s del @pnrp\\_ec, entreg\u00f3 una nave de invernadero a la Asociaci\u00f3n AKAT. Este espacio, con capacidad para producir hasta 15.000 plantas, ser\u00e1 clave en los procesos de restauraci\u00f3n ecol\u00f3gica de nuestra regi\u00f3n. <img decoding=\"async\" height=\"16\" width=\"16\" alt=\"\ud83c\udf3f\" src=\"https:\/\/static.xx.fbcdn.net\/images\/emoji.php\/v9\/t1e\/1\/16\/1f33f.png\"><\/p>\n\n\n\n<p><img decoding=\"async\" height=\"16\" width=\"16\" alt=\"\ud83d\udc9a\" src=\"https:\/\/static.xx.fbcdn.net\/images\/emoji.php\/v9\/t94\/1\/16\/1f49a.png\"> Entregamos m\u00e1s de 4.000 plantas de especies como cedro, laurel, pera de agua, canelo, ungurahua y m\u00e1s, contribuyendo directamente a la recuperaci\u00f3n de ecosistemas degradados.<\/p>\n\n\n\n<p><img loading=\"lazy\" decoding=\"async\" height=\"16\" width=\"16\" alt=\"\ud83e\udd1d\" src=\"https:\/\/static.xx.fbcdn.net\/images\/emoji.php\/v9\/t64\/1\/16\/1f91d.png\">En un momento crucial para el planeta, seguimos sembrando un cambio que transformar\u00e1n nuestro entorno.<\/p>\n\n\n\n<p><a href=\"https:\/\/www.facebook.com\/hashtag\/elgobiernodel%C3%A1nimo?__eep__=6&amp;__cft__[0]=AZUi5iynzda0Nz3-5HV0kqviRL-SGITicnHANwlOD5GtJjSB17pCooLOZDIF_9xQKU_q4c2rPvK0MpE3s2u-Pswa0prd4zEoYzsQT3pqW4oRp0FbTQNrup-SpRMO6VExjXYH_X8srM35Dh4i3rjtDAFgKkCEKBMkCJAWUYsYQJ1nOw&amp;__tn__=*NK-R\">#ElGobiernoDel\u00c1nimo<\/a><\/p>\n\n\n\n<figure class=\"wp-block-gallery has-nested-images columns-default is-cropped wp-block-gallery-1 is-layout-flex wp-block-gallery-is-layout-flex\">\n<figure class=\"wp-block-image size-large\"><img loading=\"lazy\" decoding=\"async\" width=\"1024\" height=\"683\" data-id=\"1041\" src=\"https:\/\/xtremec.com\/wp-content\/uploads\/2025\/08\/529468217_1278684550710711_2925767002773995075_n-1024x683.jpg\" alt=\"\" class=\"wp-image-1041\" srcset=\"https:\/\/xtremec.com\/wp-content\/uploads\/2025\/08\/529468217_1278684550710711_2925767002773995075_n-1024x683.jpg 1024w, https:\/\/xtremec.com\/wp-content\/uploads\/2025\/08\/529468217_1278684550710711_2925767002773995075_n-300x200.jpg 300w, https:\/\/xtremec.com\/wp-content\/uploads\/2025\/08\/529468217_1278684550710711_2925767002773995075_n-768x512.jpg 768w, https:\/\/xtremec.com\/wp-content\/uploads\/2025\/08\/529468217_1278684550710711_2925767002773995075_n-1536x1024.jpg 1536w, https:\/\/xtremec.com\/wp-content\/uploads\/2025\/08\/529468217_1278684550710711_2925767002773995075_n-600x400.jpg 600w, https:\/\/xtremec.com\/wp-content\/uploads\/2025\/08\/529468217_1278684550710711_2925767002773995075_n.jpg 2048w\" sizes=\"(max-width: 1024px) 100vw, 1024px\" \/><\/figure>\n\n\n\n<figure class=\"wp-block-image size-large\"><img loading=\"lazy\" decoding=\"async\" width=\"1024\" height=\"683\" data-id=\"1043\" src=\"https:\/\/xtremec.com\/wp-content\/uploads\/2025\/08\/528673320_1278684424044057_7053966223553603309_n-1024x683.jpg\" alt=\"\" class=\"wp-image-1043\" srcset=\"https:\/\/xtremec.com\/wp-content\/uploads\/2025\/08\/528673320_1278684424044057_7053966223553603309_n-1024x683.jpg 1024w, https:\/\/xtremec.com\/wp-content\/uploads\/2025\/08\/528673320_1278684424044057_7053966223553603309_n-300x200.jpg 300w, https:\/\/xtremec.com\/wp-content\/uploads\/2025\/08\/528673320_1278684424044057_7053966223553603309_n-768x512.jpg 768w, https:\/\/xtremec.com\/wp-content\/uploads\/2025\/08\/528673320_1278684424044057_7053966223553603309_n-1536x1024.jpg 1536w, https:\/\/xtremec.com\/wp-content\/uploads\/2025\/08\/528673320_1278684424044057_7053966223553603309_n-600x400.jpg 600w, https:\/\/xtremec.com\/wp-content\/uploads\/2025\/08\/528673320_1278684424044057_7053966223553603309_n.jpg 2048w\" sizes=\"(max-width: 1024px) 100vw, 1024px\" \/><\/figure>\n\n\n\n<figure class=\"wp-block-image size-large\"><img loading=\"lazy\" decoding=\"async\" width=\"1024\" height=\"683\" data-id=\"1042\" src=\"https:\/\/xtremec.com\/wp-content\/uploads\/2025\/08\/529226992_1278684544044045_8531012156157092684_n-1024x683.jpg\" alt=\"\" class=\"wp-image-1042\" srcset=\"https:\/\/xtremec.com\/wp-content\/uploads\/2025\/08\/529226992_1278684544044045_8531012156157092684_n-1024x683.jpg 1024w, https:\/\/xtremec.com\/wp-content\/uploads\/2025\/08\/529226992_1278684544044045_8531012156157092684_n-300x200.jpg 300w, https:\/\/xtremec.com\/wp-content\/uploads\/2025\/08\/529226992_1278684544044045_8531012156157092684_n-768x512.jpg 768w, https:\/\/xtremec.com\/wp-content\/uploads\/2025\/08\/529226992_1278684544044045_8531012156157092684_n-1536x1024.jpg 1536w, https:\/\/xtremec.com\/wp-content\/uploads\/2025\/08\/529226992_1278684544044045_8531012156157092684_n-600x400.jpg 600w, https:\/\/xtremec.com\/wp-content\/uploads\/2025\/08\/529226992_1278684544044045_8531012156157092684_n.jpg 2048w\" sizes=\"(max-width: 1024px) 100vw, 1024px\" \/><\/figure>\n<\/figure>\n","protected":false},"excerpt":{"rendered":"<p>#Ambiente \u00a1Un paso firme hacia la restauraci\u00f3n forestal en Pastaza! El Gobierno de Pastaza en colaboraci\u00f3n con el Ministerio del Ambiente, Agua y Transici\u00f3n Ecol\u00f3gica de Ecuador y a trav\u00e9s&hellip;<\/p>\n","protected":false},"author":1,"featured_media":1044,"comment_status":"open","ping_status":"open","sticky":false,"template":"","format":"standard","meta":{"footnotes":""},"categories":[1],"tags":[],"class_list":["post-1040","post","type-post","status-publish","format-standard","has-post-thumbnail","hentry","category-uncategorized"],"_links":{"self":[{"href":"https:\/\/xtremec.com\/index.php\/wp-json\/wp\/v2\/posts\/1040","targetHints":{"allow":["GET"]}}],"collection":[{"href":"https:\/\/xtremec.com\/index.php\/wp-json\/wp\/v2\/posts"}],"about":[{"href":"https:\/\/xtremec.com\/index.php\/wp-json\/wp\/v2\/types\/post"}],"author":[{"embeddable":true,"href":"https:\/\/xtremec.com\/index.php\/wp-json\/wp\/v2\/users\/1"}],"replies":[{"embeddable":true,"href":"https:\/\/xtremec.com\/index.php\/wp-json\/wp\/v2\/comments?post=1040"}],"version-history":[{"count":1,"href":"https:\/\/xtremec.com\/index.php\/wp-json\/wp\/v2\/posts\/1040\/revisions"}],"predecessor-version":[{"id":1045,"href":"https:\/\/xtremec.com\/index.php\/wp-json\/wp\/v2\/posts\/1040\/revisions\/1045"}],"wp:featuredmedia":[{"embeddable":true,"href":"https:\/\/xtremec.com\/index.php\/wp-json\/wp\/v2\/media\/1044"}],"wp:attachment":[{"href":"https:\/\/xtremec.com\/index.php\/wp-json\/wp\/v2\/media?parent=1040"}],"wp:term":[{"taxonomy":"category","embeddable":true,"href":"https:\/\/xtremec.com\/index.php\/wp-json\/wp\/v2\/categories?post=1040"},{"taxonomy":"post_tag","embeddable":true,"href":"https:\/\/xtremec.com\/index.php\/wp-json\/wp\/v2\/tags?post=1040"}],"curies":[{"name":"wp","href":"https:\/\/api.w.org\/{rel}","templated":true}]}}