{"id":1220,"date":"2025-09-01T08:37:00","date_gmt":"2025-09-01T08:37:00","guid":{"rendered":"https:\/\/xtremec.com\/?p=1220"},"modified":"2025-09-30T23:40:50","modified_gmt":"2025-09-30T23:40:50","slug":"campana-de-esterilizacion","status":"publish","type":"post","link":"https:\/\/xtremec.com\/index.php\/2025\/09\/01\/campana-de-esterilizacion\/","title":{"rendered":"CAMPA\u00d1A DE ESTERILIZACI\u00d3N"},"content":{"rendered":"\n<p>Con el <a href=\"https:\/\/www.facebook.com\/hashtag\/proyecto%C3%A1nimal?__cft__[0]=AZUtTn_bMDCjNlkORnQevopCy5lA8sAwT32eIZGcleJOmrVbVYw0MyLtsEMTfgYslK4RKaMzUbrIr3SrYacTy7EarWo6AmdP-XzlYcCreFxbHBN4P9mfWJmI4Hdvcl53mGtFQqU-g9ss5LqWWwQsd_zAVrZm8TTr-xoNyC53Blm01g&amp;__tn__=*NK-R\">#Proyecto\u00c1nimal<\/a>, el Gobierno de Pastaza y el Municipio de Mera te invitan a participar:<\/p>\n\n\n\n<p><img decoding=\"async\" height=\"16\" width=\"16\" alt=\"\ud83d\udccc\" src=\"https:\/\/static.xx.fbcdn.net\/images\/emoji.php\/v9\/tac\/1\/16\/1f4cc.png\"> Charla de Bienestar Animal<\/p>\n\n\n\n<p>\u2022 Lugar: Coliseo Municipal de Mera<\/p>\n\n\n\n<p>\u2022 Fecha: Martes 2 de septiembre<\/p>\n\n\n\n<p>\u2022 Hora: 10h00<\/p>\n\n\n\n<p><img decoding=\"async\" height=\"16\" width=\"16\" alt=\"\u27a1\" src=\"https:\/\/static.xx.fbcdn.net\/images\/emoji.php\/v9\/t9e\/1\/16\/27a1.png\"> All\u00ed se entregar\u00e1n los cupos para la campa\u00f1a de esterilizaci\u00f3n.<\/p>\n\n\n\n<p><img decoding=\"async\" height=\"16\" width=\"16\" alt=\"\ud83d\udccc\" src=\"https:\/\/static.xx.fbcdn.net\/images\/emoji.php\/v9\/tac\/1\/16\/1f4cc.png\"> Campa\u00f1a gratuita de esterilizaci\u00f3n de perros y gatos<\/p>\n\n\n\n<p>\u2022 Lugar: Coliseo Municipal de Mera<\/p>\n\n\n\n<p>\u2022 Fecha: 3, 4 y 5 de septiembre<\/p>\n\n\n\n<p>\u2022 Hora: 08h30<\/p>\n\n\n\n<p>\u00a1Cuidemos a nuestras mascotas con responsabilidad y cari\u00f1o!<\/p>\n\n\n\n<p><a href=\"https:\/\/www.facebook.com\/hashtag\/elgobiernodel%C3%A1nimo?__cft__[0]=AZUtTn_bMDCjNlkORnQevopCy5lA8sAwT32eIZGcleJOmrVbVYw0MyLtsEMTfgYslK4RKaMzUbrIr3SrYacTy7EarWo6AmdP-XzlYcCreFxbHBN4P9mfWJmI4Hdvcl53mGtFQqU-g9ss5LqWWwQsd_zAVrZm8TTr-xoNyC53Blm01g&amp;__tn__=*NK-R\">#ElGobiernoDel\u00c1nimo<\/a><\/p>\n","protected":false},"excerpt":{"rendered":"<p>Con el #Proyecto\u00c1nimal, el Gobierno de Pastaza y el Municipio de Mera te invitan a participar: Charla de Bienestar Animal \u2022 Lugar: Coliseo Municipal de Mera \u2022 Fecha: Martes 2&hellip;<\/p>\n","protected":false},"author":1,"featured_media":1221,"comment_status":"open","ping_status":"open","sticky":false,"template":"","format":"standard","meta":{"footnotes":""},"categories":[1],"tags":[],"class_list":["post-1220","post","type-post","status-publish","format-standard","has-post-thumbnail","hentry","category-uncategorized"],"_links":{"self":[{"href":"https:\/\/xtremec.com\/index.php\/wp-json\/wp\/v2\/posts\/1220","targetHints":{"allow":["GET"]}}],"collection":[{"href":"https:\/\/xtremec.com\/index.php\/wp-json\/wp\/v2\/posts"}],"about":[{"href":"https:\/\/xtremec.com\/index.php\/wp-json\/wp\/v2\/types\/post"}],"author":[{"embeddable":true,"href":"https:\/\/xtremec.com\/index.php\/wp-json\/wp\/v2\/users\/1"}],"replies":[{"embeddable":true,"href":"https:\/\/xtremec.com\/index.php\/wp-json\/wp\/v2\/comments?post=1220"}],"version-history":[{"count":1,"href":"https:\/\/xtremec.com\/index.php\/wp-json\/wp\/v2\/posts\/1220\/revisions"}],"predecessor-version":[{"id":1222,"href":"https:\/\/xtremec.com\/index.php\/wp-json\/wp\/v2\/posts\/1220\/revisions\/1222"}],"wp:featuredmedia":[{"embeddable":true,"href":"https:\/\/xtremec.com\/index.php\/wp-json\/wp\/v2\/media\/1221"}],"wp:attachment":[{"href":"https:\/\/xtremec.com\/index.php\/wp-json\/wp\/v2\/media?parent=1220"}],"wp:term":[{"taxonomy":"category","embeddable":true,"href":"https:\/\/xtremec.com\/index.php\/wp-json\/wp\/v2\/categories?post=1220"},{"taxonomy":"post_tag","embeddable":true,"href":"https:\/\/xtremec.com\/index.php\/wp-json\/wp\/v2\/tags?post=1220"}],"curies":[{"name":"wp","href":"https:\/\/api.w.org\/{rel}","templated":true}]}}