{"id":1258,"date":"2025-09-08T17:17:00","date_gmt":"2025-09-08T17:17:00","guid":{"rendered":"https:\/\/xtremec.com\/?p=1258"},"modified":"2025-10-01T00:19:24","modified_gmt":"2025-10-01T00:19:24","slug":"vialidad-veracruz","status":"publish","type":"post","link":"https:\/\/xtremec.com\/index.php\/2025\/09\/08\/vialidad-veracruz\/","title":{"rendered":"VIALIDAD VERACRUZ"},"content":{"rendered":"\n<p><a href=\"https:\/\/www.facebook.com\/hashtag\/vialidad?__cft__[0]=AZUgOOdcXX6a_3eba_JHyKGrk5DkGQRHOX1bkNYEebkcyqf_XMyadXt5Mhx9CPonXkO-D8y_iIJufGO2c1EUm6LMYvkiJOFrZzLFdbmLb_5DRTi7RGIFqALnVTtxuo1cuZctv1FKP1-JJpzW9DodHyCWthwotdnhA7KpY9L7c4DntQ&amp;__tn__=*NK-R\">#Vialidad<\/a><img decoding=\"async\" height=\"16\" width=\"16\" alt=\"\ud83d\ude9c\" src=\"https:\/\/static.xx.fbcdn.net\/images\/emoji.php\/v9\/t18\/1\/16\/1f69c.png\"> Mejor conectividad para nuestra gente<\/p>\n\n\n\n<p>En el sector 22 de Abril de la comunidad Talin, parroquia Veracruz, avanzamos con la reconformaci\u00f3n de la v\u00eda mediante Administraci\u00f3n Directa.<\/p>\n\n\n\n<p><img decoding=\"async\" height=\"16\" width=\"16\" alt=\"\u2705\" src=\"https:\/\/static.xx.fbcdn.net\/images\/emoji.php\/v9\/t33\/1\/16\/2705.png\"> Trabajos realizados: Reconformaci\u00f3n de la mesa de la v\u00eda.<\/p>\n\n\n\n<p><img decoding=\"async\" height=\"16\" width=\"16\" alt=\"\u2705\" src=\"https:\/\/static.xx.fbcdn.net\/images\/emoji.php\/v9\/t33\/1\/16\/2705.png\"> Maquinaria utilizada: Excavadora y volquete.<\/p>\n\n\n\n<p>Con el liderazgo del prefecto Andr\u00e9 Granda, seguimos firmes en nuestro compromiso de mejorar la movilidad y el desarrollo de Pastaza. <img decoding=\"async\" height=\"16\" width=\"16\" alt=\"\ud83d\udc9a\" src=\"https:\/\/static.xx.fbcdn.net\/images\/emoji.php\/v9\/t94\/1\/16\/1f49a.png\"><\/p>\n\n\n\n<p><a href=\"https:\/\/www.facebook.com\/hashtag\/elgobiernodel%C3%A1nimo?__cft__[0]=AZUgOOdcXX6a_3eba_JHyKGrk5DkGQRHOX1bkNYEebkcyqf_XMyadXt5Mhx9CPonXkO-D8y_iIJufGO2c1EUm6LMYvkiJOFrZzLFdbmLb_5DRTi7RGIFqALnVTtxuo1cuZctv1FKP1-JJpzW9DodHyCWthwotdnhA7KpY9L7c4DntQ&amp;__tn__=*NK-R\">#ElGobiernoDel\u00c1nimo<\/a><\/p>\n","protected":false},"excerpt":{"rendered":"<p>#Vialidad Mejor conectividad para nuestra gente En el sector 22 de Abril de la comunidad Talin, parroquia Veracruz, avanzamos con la reconformaci\u00f3n de la v\u00eda mediante Administraci\u00f3n Directa. Trabajos realizados:&hellip;<\/p>\n","protected":false},"author":1,"featured_media":1259,"comment_status":"open","ping_status":"open","sticky":false,"template":"","format":"standard","meta":{"footnotes":""},"categories":[1],"tags":[],"class_list":["post-1258","post","type-post","status-publish","format-standard","has-post-thumbnail","hentry","category-uncategorized"],"_links":{"self":[{"href":"https:\/\/xtremec.com\/index.php\/wp-json\/wp\/v2\/posts\/1258","targetHints":{"allow":["GET"]}}],"collection":[{"href":"https:\/\/xtremec.com\/index.php\/wp-json\/wp\/v2\/posts"}],"about":[{"href":"https:\/\/xtremec.com\/index.php\/wp-json\/wp\/v2\/types\/post"}],"author":[{"embeddable":true,"href":"https:\/\/xtremec.com\/index.php\/wp-json\/wp\/v2\/users\/1"}],"replies":[{"embeddable":true,"href":"https:\/\/xtremec.com\/index.php\/wp-json\/wp\/v2\/comments?post=1258"}],"version-history":[{"count":1,"href":"https:\/\/xtremec.com\/index.php\/wp-json\/wp\/v2\/posts\/1258\/revisions"}],"predecessor-version":[{"id":1260,"href":"https:\/\/xtremec.com\/index.php\/wp-json\/wp\/v2\/posts\/1258\/revisions\/1260"}],"wp:featuredmedia":[{"embeddable":true,"href":"https:\/\/xtremec.com\/index.php\/wp-json\/wp\/v2\/media\/1259"}],"wp:attachment":[{"href":"https:\/\/xtremec.com\/index.php\/wp-json\/wp\/v2\/media?parent=1258"}],"wp:term":[{"taxonomy":"category","embeddable":true,"href":"https:\/\/xtremec.com\/index.php\/wp-json\/wp\/v2\/categories?post=1258"},{"taxonomy":"post_tag","embeddable":true,"href":"https:\/\/xtremec.com\/index.php\/wp-json\/wp\/v2\/tags?post=1258"}],"curies":[{"name":"wp","href":"https:\/\/api.w.org\/{rel}","templated":true}]}}