{"id":1353,"date":"2025-09-23T13:24:00","date_gmt":"2025-09-23T13:24:00","guid":{"rendered":"https:\/\/xtremec.com\/?p=1353"},"modified":"2025-10-02T03:27:12","modified_gmt":"2025-10-02T03:27:12","slug":"gestion-internacional-en-bogota","status":"publish","type":"post","link":"https:\/\/xtremec.com\/index.php\/2025\/09\/23\/gestion-internacional-en-bogota\/","title":{"rendered":"Gesti\u00f3n Internacional en Bogot\u00e1"},"content":{"rendered":"\n<p>Importante Agenda de Gesti\u00f3n Internacional en Bogot\u00e1<\/p>\n\n\n\n<p>El prefecto de Pastaza, Andr\u00e9 Granda, sostuvo una reuni\u00f3n con el Embajador de Ecuador en Colombia, Arturo F\u00e9lix Wong. En este espacio se abrieron posibilidades de coordinaci\u00f3n con empresarios del sector tur\u00edstico y con instituciones de la Rep\u00fablica de Colombia, fortaleciendo la gesti\u00f3n internacional de la provincia, promoviendo su desarrollo tur\u00edstico y avanzando en nuevos convenios de cooperaci\u00f3n.<\/p>\n\n\n\n<p><a href=\"https:\/\/www.facebook.com\/hashtag\/elgobiernodelanimo?__cft__[0]=AZVjBiRMbEe-bwA3KbPkOVf5ldFVfdDIO4NwNlTgx3S-IwisMNYYmOm9OU6XXlEqy3KmDNX2_szzDaKIz3VZ0WEppk7HFKbO5tGU2G_AXYFw7kLspshDQpNtdyZzglOGg68EyNJvliB_IV9ovFMLx2Aqc1GxVuulcGdlN_Z1XQ3oNg&amp;__tn__=*NK-R\">#ElGobiernoDelAnimo<\/a><\/p>\n\n\n\n<figure class=\"wp-block-gallery has-nested-images columns-default is-cropped wp-block-gallery-1 is-layout-flex wp-block-gallery-is-layout-flex\">\n<figure class=\"wp-block-image size-large\"><img fetchpriority=\"high\" decoding=\"async\" width=\"1024\" height=\"683\" data-id=\"1354\" src=\"https:\/\/xtremec.com\/wp-content\/uploads\/2025\/10\/552991287_1316829286896237_8176015684687694890_n-1024x683.jpg\" alt=\"\" class=\"wp-image-1354\" srcset=\"https:\/\/xtremec.com\/wp-content\/uploads\/2025\/10\/552991287_1316829286896237_8176015684687694890_n-1024x683.jpg 1024w, https:\/\/xtremec.com\/wp-content\/uploads\/2025\/10\/552991287_1316829286896237_8176015684687694890_n-300x200.jpg 300w, https:\/\/xtremec.com\/wp-content\/uploads\/2025\/10\/552991287_1316829286896237_8176015684687694890_n-768x512.jpg 768w, https:\/\/xtremec.com\/wp-content\/uploads\/2025\/10\/552991287_1316829286896237_8176015684687694890_n-600x400.jpg 600w, https:\/\/xtremec.com\/wp-content\/uploads\/2025\/10\/552991287_1316829286896237_8176015684687694890_n.jpg 1440w\" sizes=\"(max-width: 1024px) 100vw, 1024px\" \/><\/figure>\n\n\n\n<figure class=\"wp-block-image size-large\"><img decoding=\"async\" width=\"1024\" height=\"683\" data-id=\"1355\" src=\"https:\/\/xtremec.com\/wp-content\/uploads\/2025\/10\/552265235_1316829243562908_1241464757066746753_n-1024x683.jpg\" alt=\"\" class=\"wp-image-1355\" srcset=\"https:\/\/xtremec.com\/wp-content\/uploads\/2025\/10\/552265235_1316829243562908_1241464757066746753_n-1024x683.jpg 1024w, https:\/\/xtremec.com\/wp-content\/uploads\/2025\/10\/552265235_1316829243562908_1241464757066746753_n-300x200.jpg 300w, https:\/\/xtremec.com\/wp-content\/uploads\/2025\/10\/552265235_1316829243562908_1241464757066746753_n-768x512.jpg 768w, https:\/\/xtremec.com\/wp-content\/uploads\/2025\/10\/552265235_1316829243562908_1241464757066746753_n-600x400.jpg 600w, https:\/\/xtremec.com\/wp-content\/uploads\/2025\/10\/552265235_1316829243562908_1241464757066746753_n.jpg 1440w\" sizes=\"(max-width: 1024px) 100vw, 1024px\" \/><\/figure>\n\n\n\n<figure class=\"wp-block-image size-large\"><img decoding=\"async\" width=\"1024\" height=\"683\" data-id=\"1356\" src=\"https:\/\/xtremec.com\/wp-content\/uploads\/2025\/10\/550992877_1316829203562912_4809620727610582094_n-1024x683.jpg\" alt=\"\" class=\"wp-image-1356\" srcset=\"https:\/\/xtremec.com\/wp-content\/uploads\/2025\/10\/550992877_1316829203562912_4809620727610582094_n-1024x683.jpg 1024w, https:\/\/xtremec.com\/wp-content\/uploads\/2025\/10\/550992877_1316829203562912_4809620727610582094_n-300x200.jpg 300w, https:\/\/xtremec.com\/wp-content\/uploads\/2025\/10\/550992877_1316829203562912_4809620727610582094_n-768x512.jpg 768w, https:\/\/xtremec.com\/wp-content\/uploads\/2025\/10\/550992877_1316829203562912_4809620727610582094_n-600x400.jpg 600w, https:\/\/xtremec.com\/wp-content\/uploads\/2025\/10\/550992877_1316829203562912_4809620727610582094_n.jpg 1440w\" sizes=\"(max-width: 1024px) 100vw, 1024px\" \/><\/figure>\n<\/figure>\n","protected":false},"excerpt":{"rendered":"<p>Importante Agenda de Gesti\u00f3n Internacional en Bogot\u00e1 El prefecto de Pastaza, Andr\u00e9 Granda, sostuvo una reuni\u00f3n con el Embajador de Ecuador en Colombia, Arturo F\u00e9lix Wong. En este espacio se&hellip;<\/p>\n","protected":false},"author":1,"featured_media":1357,"comment_status":"open","ping_status":"open","sticky":false,"template":"","format":"standard","meta":{"footnotes":""},"categories":[1],"tags":[],"class_list":["post-1353","post","type-post","status-publish","format-standard","has-post-thumbnail","hentry","category-uncategorized"],"_links":{"self":[{"href":"https:\/\/xtremec.com\/index.php\/wp-json\/wp\/v2\/posts\/1353","targetHints":{"allow":["GET"]}}],"collection":[{"href":"https:\/\/xtremec.com\/index.php\/wp-json\/wp\/v2\/posts"}],"about":[{"href":"https:\/\/xtremec.com\/index.php\/wp-json\/wp\/v2\/types\/post"}],"author":[{"embeddable":true,"href":"https:\/\/xtremec.com\/index.php\/wp-json\/wp\/v2\/users\/1"}],"replies":[{"embeddable":true,"href":"https:\/\/xtremec.com\/index.php\/wp-json\/wp\/v2\/comments?post=1353"}],"version-history":[{"count":1,"href":"https:\/\/xtremec.com\/index.php\/wp-json\/wp\/v2\/posts\/1353\/revisions"}],"predecessor-version":[{"id":1358,"href":"https:\/\/xtremec.com\/index.php\/wp-json\/wp\/v2\/posts\/1353\/revisions\/1358"}],"wp:featuredmedia":[{"embeddable":true,"href":"https:\/\/xtremec.com\/index.php\/wp-json\/wp\/v2\/media\/1357"}],"wp:attachment":[{"href":"https:\/\/xtremec.com\/index.php\/wp-json\/wp\/v2\/media?parent=1353"}],"wp:term":[{"taxonomy":"category","embeddable":true,"href":"https:\/\/xtremec.com\/index.php\/wp-json\/wp\/v2\/categories?post=1353"},{"taxonomy":"post_tag","embeddable":true,"href":"https:\/\/xtremec.com\/index.php\/wp-json\/wp\/v2\/tags?post=1353"}],"curies":[{"name":"wp","href":"https:\/\/api.w.org\/{rel}","templated":true}]}}