{"id":2005,"date":"2025-12-15T11:59:00","date_gmt":"2025-12-15T11:59:00","guid":{"rendered":"https:\/\/xtremec.com\/?p=2005"},"modified":"2026-01-05T05:01:59","modified_gmt":"2026-01-05T05:01:59","slug":"dialogo-con-el-ministro","status":"publish","type":"post","link":"https:\/\/xtremec.com\/index.php\/2025\/12\/15\/dialogo-con-el-ministro\/","title":{"rendered":"DIALOGO CON EL MINISTRO"},"content":{"rendered":"\n<p><a href=\"https:\/\/www.facebook.com\/hashtag\/agendaquito?__eep__=6&amp;__cft__[0]=AZauoyq0SssFTqGNwkoK4nIqyQq5HksotpmeH7sKbzSVmgSD_oTtUOM48h3gjs_oQu43xbKLoNN-lanLLW2B2wY33gmYK4Rhs_QYyeEve4saIOGRyAZLSxz7qr8eTxaAIoRYvgZGB7v3XiniHJMNQmdUiC9edZdwQKTcQQNvl4zzMg&amp;__tn__=*NK-R\">#AgendaQuito<\/a><img decoding=\"async\" height=\"16\" width=\"16\" alt=\"\ud83d\udccd\" src=\"https:\/\/static.xx.fbcdn.net\/images\/emoji.php\/v9\/t2d\/1\/16\/1f4cd.png\">El prefecto de <a href=\"https:\/\/www.facebook.com\/hashtag\/pastaza?__eep__=6&amp;__cft__[0]=AZauoyq0SssFTqGNwkoK4nIqyQq5HksotpmeH7sKbzSVmgSD_oTtUOM48h3gjs_oQu43xbKLoNN-lanLLW2B2wY33gmYK4Rhs_QYyeEve4saIOGRyAZLSxz7qr8eTxaAIoRYvgZGB7v3XiniHJMNQmdUiC9edZdwQKTcQQNvl4zzMg&amp;__tn__=*NK-R\">#Pastaza<\/a> Andr\u00e9 Granda mantuvo una reuni\u00f3n de articulaci\u00f3n junto al Sindicato \u00danico de Trabajadores y el ministro de Trabajo, Harold Burbano, para abordar temas relacionados con el contrato colectivo y fortalecer la gesti\u00f3n interinstitucional, en beneficio de las y los trabajadores de la provincia.<\/p>\n\n\n\n<p><a href=\"https:\/\/www.facebook.com\/hashtag\/elgobiernodel%C3%A1nimo?__eep__=6&amp;__cft__[0]=AZauoyq0SssFTqGNwkoK4nIqyQq5HksotpmeH7sKbzSVmgSD_oTtUOM48h3gjs_oQu43xbKLoNN-lanLLW2B2wY33gmYK4Rhs_QYyeEve4saIOGRyAZLSxz7qr8eTxaAIoRYvgZGB7v3XiniHJMNQmdUiC9edZdwQKTcQQNvl4zzMg&amp;__tn__=*NK-R\">#ElGobiernoDel\u00c1nimo<\/a><\/p>\n\n\n\n<figure class=\"wp-block-gallery has-nested-images columns-default is-cropped wp-block-gallery-1 is-layout-flex wp-block-gallery-is-layout-flex\">\n<figure class=\"wp-block-image size-large\"><img fetchpriority=\"high\" decoding=\"async\" width=\"768\" height=\"1024\" data-id=\"2007\" src=\"https:\/\/xtremec.com\/wp-content\/uploads\/2026\/01\/600377138_1385495820029583_3017751255082926327_n-768x1024.jpg\" alt=\"\" class=\"wp-image-2007\" srcset=\"https:\/\/xtremec.com\/wp-content\/uploads\/2026\/01\/600377138_1385495820029583_3017751255082926327_n-768x1024.jpg 768w, https:\/\/xtremec.com\/wp-content\/uploads\/2026\/01\/600377138_1385495820029583_3017751255082926327_n-225x300.jpg 225w, https:\/\/xtremec.com\/wp-content\/uploads\/2026\/01\/600377138_1385495820029583_3017751255082926327_n.jpg 960w\" sizes=\"(max-width: 768px) 100vw, 768px\" \/><\/figure>\n\n\n\n<figure class=\"wp-block-image size-large\"><img decoding=\"async\" width=\"960\" height=\"900\" data-id=\"2006\" src=\"https:\/\/xtremec.com\/wp-content\/uploads\/2026\/01\/599809083_1385495516696280_9138623825742138136_n.jpg\" alt=\"\" class=\"wp-image-2006\" srcset=\"https:\/\/xtremec.com\/wp-content\/uploads\/2026\/01\/599809083_1385495516696280_9138623825742138136_n.jpg 960w, https:\/\/xtremec.com\/wp-content\/uploads\/2026\/01\/599809083_1385495516696280_9138623825742138136_n-300x281.jpg 300w, https:\/\/xtremec.com\/wp-content\/uploads\/2026\/01\/599809083_1385495516696280_9138623825742138136_n-768x720.jpg 768w\" sizes=\"(max-width: 960px) 100vw, 960px\" \/><\/figure>\n<\/figure>\n","protected":false},"excerpt":{"rendered":"<p>#AgendaQuitoEl prefecto de #Pastaza Andr\u00e9 Granda mantuvo una reuni\u00f3n de articulaci\u00f3n junto al Sindicato \u00danico de Trabajadores y el ministro de Trabajo, Harold Burbano, para abordar temas relacionados con el&hellip;<\/p>\n","protected":false},"author":1,"featured_media":2008,"comment_status":"open","ping_status":"open","sticky":false,"template":"","format":"standard","meta":{"footnotes":""},"categories":[31],"tags":[],"class_list":["post-2005","post","type-post","status-publish","format-standard","has-post-thumbnail","hentry","category-noticias"],"_links":{"self":[{"href":"https:\/\/xtremec.com\/index.php\/wp-json\/wp\/v2\/posts\/2005","targetHints":{"allow":["GET"]}}],"collection":[{"href":"https:\/\/xtremec.com\/index.php\/wp-json\/wp\/v2\/posts"}],"about":[{"href":"https:\/\/xtremec.com\/index.php\/wp-json\/wp\/v2\/types\/post"}],"author":[{"embeddable":true,"href":"https:\/\/xtremec.com\/index.php\/wp-json\/wp\/v2\/users\/1"}],"replies":[{"embeddable":true,"href":"https:\/\/xtremec.com\/index.php\/wp-json\/wp\/v2\/comments?post=2005"}],"version-history":[{"count":1,"href":"https:\/\/xtremec.com\/index.php\/wp-json\/wp\/v2\/posts\/2005\/revisions"}],"predecessor-version":[{"id":2009,"href":"https:\/\/xtremec.com\/index.php\/wp-json\/wp\/v2\/posts\/2005\/revisions\/2009"}],"wp:featuredmedia":[{"embeddable":true,"href":"https:\/\/xtremec.com\/index.php\/wp-json\/wp\/v2\/media\/2008"}],"wp:attachment":[{"href":"https:\/\/xtremec.com\/index.php\/wp-json\/wp\/v2\/media?parent=2005"}],"wp:term":[{"taxonomy":"category","embeddable":true,"href":"https:\/\/xtremec.com\/index.php\/wp-json\/wp\/v2\/categories?post=2005"},{"taxonomy":"post_tag","embeddable":true,"href":"https:\/\/xtremec.com\/index.php\/wp-json\/wp\/v2\/tags?post=2005"}],"curies":[{"name":"wp","href":"https:\/\/api.w.org\/{rel}","templated":true}]}}