{"id":383,"date":"2025-05-08T20:59:00","date_gmt":"2025-05-08T20:59:00","guid":{"rendered":"https:\/\/xtremec.com\/?p=383"},"modified":"2025-05-28T21:58:10","modified_gmt":"2025-05-28T21:58:10","slug":"teatro-amazonico","status":"publish","type":"post","link":"https:\/\/xtremec.com\/index.php\/2025\/05\/08\/teatro-amazonico\/","title":{"rendered":"TEATRO AMAZ\u00d3NICO"},"content":{"rendered":"\n<p>El <a href=\"https:\/\/www.facebook.com\/hashtag\/teatroamaz%C3%B3nico?__eep__=6&amp;__cft__[0]=AZVpuR1E899zrAjH7iSTRsTlaLYFQCcB8NKPD7RyYaSgGLkyHXk5b9aqxVRscPvBik8fju8B8oZT9VFxx8I0DXpxc1zpKyY9Qj57WTbZM5ntX4foNMVkGqdCmsg4TEYbu5Mi5QaJ1AzQuVlbW5LhCN1pA7Hnt68t9hLrMsYpfenrAQ&amp;__tn__=*NK-R\">#TeatroAmaz\u00f3nico<\/a> ser\u00e1 una realidad: un espacio cultural moderno en el coraz\u00f3n de Puyo<\/p>\n\n\n\n<p>El Gobierno Provincial de Pastaza avanza en la planificaci\u00f3n de una de las obras m\u00e1s emblem\u00e1ticas para el fortalecimiento de la cultura en la Amazon\u00eda: el Teatro Amaz\u00f3nico, un espacio moderno y funcional que se proyecta como un nuevo \u00edcono para la ciudad de Puyo.<\/p>\n\n\n\n<p>Aunque la Prefectura cuenta con pocos terrenos adecuados en la zona urbana, se ha tomado la decisi\u00f3n estrat\u00e9gica de incluir la construcci\u00f3n del teatro dentro del estudio arquitect\u00f3nico del nuevo edificio del Gobierno Provincial, que se ubicar\u00e1 en el terreno donde actualmente funciona la Plaza del \u00c1nimo.<\/p>\n\n\n\n<p>Esta integraci\u00f3n permitir\u00e1 aprovechar al m\u00e1ximo el espacio disponible y concentrar servicios institucionales y culturales en un mismo punto neur\u00e1lgico de la ciudad.<\/p>\n\n\n\n<p>El Teatro Amaz\u00f3nico est\u00e1 dise\u00f1ado para albergar hasta 560 personas y contar\u00e1 con:<\/p>\n\n\n\n<p><img decoding=\"async\" height=\"16\" width=\"16\" alt=\"\u2714\ufe0f\" src=\"https:\/\/static.xx.fbcdn.net\/images\/emoji.php\/v9\/t51\/1\/16\/2714.png\"> Dos ingresos principales.<\/p>\n\n\n\n<p><img decoding=\"async\" height=\"16\" width=\"16\" alt=\"\u2714\ufe0f\" src=\"https:\/\/static.xx.fbcdn.net\/images\/emoji.php\/v9\/t51\/1\/16\/2714.png\"> Un acceso independiente para personas con discapacidad.<\/p>\n\n\n\n<p><img decoding=\"async\" height=\"16\" width=\"16\" alt=\"\u2714\ufe0f\" src=\"https:\/\/static.xx.fbcdn.net\/images\/emoji.php\/v9\/t51\/1\/16\/2714.png\"> Parqueadero complementario.<\/p>\n\n\n\n<p><img decoding=\"async\" height=\"16\" width=\"16\" alt=\"\u2714\ufe0f\" src=\"https:\/\/static.xx.fbcdn.net\/images\/emoji.php\/v9\/t51\/1\/16\/2714.png\"> Servicios higi\u00e9nicos adecuados.<\/p>\n\n\n\n<p><img decoding=\"async\" height=\"16\" width=\"16\" alt=\"\u2714\ufe0f\" src=\"https:\/\/static.xx.fbcdn.net\/images\/emoji.php\/v9\/t51\/1\/16\/2714.png\"> Boleter\u00eda y c\u00f3modas \u00e1reas de espera.<\/p>\n\n\n\n<p><img decoding=\"async\" height=\"16\" width=\"16\" alt=\"\u2714\ufe0f\" src=\"https:\/\/static.xx.fbcdn.net\/images\/emoji.php\/v9\/t51\/1\/16\/2714.png\"> Camerinos para artistas.<\/p>\n\n\n\n<p><img decoding=\"async\" height=\"16\" width=\"16\" alt=\"\u2714\ufe0f\" src=\"https:\/\/static.xx.fbcdn.net\/images\/emoji.php\/v9\/t51\/1\/16\/2714.png\"> Una moderna sala de proyecci\u00f3n de alta calidad.<\/p>\n\n\n\n<p>Seg\u00fan se ha informado, el estudio t\u00e9cnico y arquitect\u00f3nico de este ambicioso proyecto estar\u00e1 concluido en los pr\u00f3ximos meses. Desde la Prefectura se reafirma el compromiso de seguir impulsando obras de alto impacto social y cultural: \u201cCon la bendici\u00f3n de Dios y el apoyo de todos, lo lograremos\u201d, afirm\u00f3 el prefecto Andr\u00e9 Granda.<\/p>\n\n\n\n<p>El Gobierno del \u00c1nimo contin\u00faa su marcha, sin detenerse, con la visi\u00f3n de convertir a Pastaza en un referente de desarrollo en la Amazon\u00eda ecuatoriana.<\/p>\n\n\n\n<figure class=\"wp-block-gallery has-nested-images columns-default is-cropped wp-block-gallery-1 is-layout-flex wp-block-gallery-is-layout-flex\">\n<figure class=\"wp-block-image size-large\"><img fetchpriority=\"high\" decoding=\"async\" width=\"769\" height=\"432\" data-id=\"384\" src=\"https:\/\/xtremec.com\/wp-content\/uploads\/2025\/05\/494679964_1209828107596356_7074886374033853638_n.jpg\" alt=\"\" class=\"wp-image-384\" srcset=\"https:\/\/xtremec.com\/wp-content\/uploads\/2025\/05\/494679964_1209828107596356_7074886374033853638_n.jpg 769w, https:\/\/xtremec.com\/wp-content\/uploads\/2025\/05\/494679964_1209828107596356_7074886374033853638_n-300x169.jpg 300w, https:\/\/xtremec.com\/wp-content\/uploads\/2025\/05\/494679964_1209828107596356_7074886374033853638_n-600x337.jpg 600w\" sizes=\"(max-width: 769px) 100vw, 769px\" \/><\/figure>\n\n\n\n<figure class=\"wp-block-image size-large\"><img decoding=\"async\" width=\"768\" height=\"432\" data-id=\"385\" src=\"https:\/\/xtremec.com\/wp-content\/uploads\/2025\/05\/493719182_1209828077596359_2706241266437232140_n.jpg\" alt=\"\" class=\"wp-image-385\" srcset=\"https:\/\/xtremec.com\/wp-content\/uploads\/2025\/05\/493719182_1209828077596359_2706241266437232140_n.jpg 768w, https:\/\/xtremec.com\/wp-content\/uploads\/2025\/05\/493719182_1209828077596359_2706241266437232140_n-300x169.jpg 300w, https:\/\/xtremec.com\/wp-content\/uploads\/2025\/05\/493719182_1209828077596359_2706241266437232140_n-600x338.jpg 600w\" sizes=\"(max-width: 768px) 100vw, 768px\" \/><\/figure>\n<\/figure>\n","protected":false},"excerpt":{"rendered":"<p>El #TeatroAmaz\u00f3nico ser\u00e1 una realidad: un espacio cultural moderno en el coraz\u00f3n de Puyo El Gobierno Provincial de Pastaza avanza en la planificaci\u00f3n de una de las obras m\u00e1s emblem\u00e1ticas&hellip;<\/p>\n","protected":false},"author":1,"featured_media":386,"comment_status":"open","ping_status":"open","sticky":false,"template":"","format":"standard","meta":{"footnotes":""},"categories":[1],"tags":[],"class_list":["post-383","post","type-post","status-publish","format-standard","has-post-thumbnail","hentry","category-uncategorized"],"_links":{"self":[{"href":"https:\/\/xtremec.com\/index.php\/wp-json\/wp\/v2\/posts\/383","targetHints":{"allow":["GET"]}}],"collection":[{"href":"https:\/\/xtremec.com\/index.php\/wp-json\/wp\/v2\/posts"}],"about":[{"href":"https:\/\/xtremec.com\/index.php\/wp-json\/wp\/v2\/types\/post"}],"author":[{"embeddable":true,"href":"https:\/\/xtremec.com\/index.php\/wp-json\/wp\/v2\/users\/1"}],"replies":[{"embeddable":true,"href":"https:\/\/xtremec.com\/index.php\/wp-json\/wp\/v2\/comments?post=383"}],"version-history":[{"count":1,"href":"https:\/\/xtremec.com\/index.php\/wp-json\/wp\/v2\/posts\/383\/revisions"}],"predecessor-version":[{"id":387,"href":"https:\/\/xtremec.com\/index.php\/wp-json\/wp\/v2\/posts\/383\/revisions\/387"}],"wp:featuredmedia":[{"embeddable":true,"href":"https:\/\/xtremec.com\/index.php\/wp-json\/wp\/v2\/media\/386"}],"wp:attachment":[{"href":"https:\/\/xtremec.com\/index.php\/wp-json\/wp\/v2\/media?parent=383"}],"wp:term":[{"taxonomy":"category","embeddable":true,"href":"https:\/\/xtremec.com\/index.php\/wp-json\/wp\/v2\/categories?post=383"},{"taxonomy":"post_tag","embeddable":true,"href":"https:\/\/xtremec.com\/index.php\/wp-json\/wp\/v2\/tags?post=383"}],"curies":[{"name":"wp","href":"https:\/\/api.w.org\/{rel}","templated":true}]}}