{"id":395,"date":"2025-05-11T19:43:00","date_gmt":"2025-05-11T19:43:00","guid":{"rendered":"https:\/\/xtremec.com\/?p=395"},"modified":"2025-05-28T22:03:46","modified_gmt":"2025-05-28T22:03:46","slug":"dia-de-las-nacionalidades-de-pastaza-2025","status":"publish","type":"post","link":"https:\/\/xtremec.com\/index.php\/2025\/05\/11\/dia-de-las-nacionalidades-de-pastaza-2025\/","title":{"rendered":"Dia de las Nacionalidades de Pastaza 2025"},"content":{"rendered":"\n<p>El Gobierno de Pastaza acompa\u00f1\u00f3 a las Nacionalidades en el inicio de la conmemoraci\u00f3n de su hist\u00f3rica lucha desde 1992, con el \u201cDia de las Nacionalidades de Pastaza 2025\u201d.<\/p>\n\n\n\n<p>En la Plaza del \u00c1nimo se desarrollaron dos eventos clave: el lanzamiento del Modelo de Gesti\u00f3n y Gobernanza de la Nacionalidad Andwa, \u201cWawirka Nakwa\u201d, y el 1er Foro \u201cHerramientas para la Planificaci\u00f3n y Gesti\u00f3n de los Territorios de las Nacionalidades\u201d. El Gobierno de Pastaza acompa\u00f1a estos procesos con asistencia t\u00e9cnica, articulaci\u00f3n institucional y recursos destinados a los planes de vida comunitarios.<\/p>\n\n\n\n<p>Reafirmamos el compromiso con la planificaci\u00f3n participativa y el fortalecimiento de territorios con identidad, sostenibilidad y visi\u00f3n de futuro.<\/p>\n\n\n\n<p><a href=\"https:\/\/www.facebook.com\/hashtag\/gobiernodel%C3%A1nimo?__eep__=6&amp;__cft__[0]=AZWwBkEfsVLFo2mWP5AqGy5HCe6h3HL46n65rcBEutHSH6Pq8gPkZjjXz7p_ttf2fR_sladOiB__kIzb10L88SwrcGiLV-Pm2oyIez_SXf4LckFJgz0bHf7OOfCQzW1Wp13rZnR_7Lf_QD4lkOeIc6MzBbl2FQL6ocMA2pywza0cFQ&amp;__tn__=*NK-R\">#GobiernoDel\u00c1nimo<\/a><\/p>\n\n\n\n<figure class=\"wp-block-gallery has-nested-images columns-default is-cropped wp-block-gallery-1 is-layout-flex wp-block-gallery-is-layout-flex\">\n<figure class=\"wp-block-image size-large\"><img fetchpriority=\"high\" decoding=\"async\" width=\"1024\" height=\"684\" data-id=\"397\" src=\"https:\/\/xtremec.com\/wp-content\/uploads\/2025\/05\/495621982_1211574787421688_512091702597971888_n-1024x684.jpg\" alt=\"\" class=\"wp-image-397\" srcset=\"https:\/\/xtremec.com\/wp-content\/uploads\/2025\/05\/495621982_1211574787421688_512091702597971888_n-1024x684.jpg 1024w, https:\/\/xtremec.com\/wp-content\/uploads\/2025\/05\/495621982_1211574787421688_512091702597971888_n-300x200.jpg 300w, https:\/\/xtremec.com\/wp-content\/uploads\/2025\/05\/495621982_1211574787421688_512091702597971888_n-768x513.jpg 768w, https:\/\/xtremec.com\/wp-content\/uploads\/2025\/05\/495621982_1211574787421688_512091702597971888_n-600x401.jpg 600w, https:\/\/xtremec.com\/wp-content\/uploads\/2025\/05\/495621982_1211574787421688_512091702597971888_n.jpg 1080w\" sizes=\"(max-width: 1024px) 100vw, 1024px\" \/><\/figure>\n\n\n\n<figure class=\"wp-block-image size-large\"><img decoding=\"async\" width=\"1024\" height=\"684\" data-id=\"396\" src=\"https:\/\/xtremec.com\/wp-content\/uploads\/2025\/05\/495368684_1211574747421692_8659948752750243784_n-1024x684.jpg\" alt=\"\" class=\"wp-image-396\" srcset=\"https:\/\/xtremec.com\/wp-content\/uploads\/2025\/05\/495368684_1211574747421692_8659948752750243784_n-1024x684.jpg 1024w, https:\/\/xtremec.com\/wp-content\/uploads\/2025\/05\/495368684_1211574747421692_8659948752750243784_n-300x200.jpg 300w, https:\/\/xtremec.com\/wp-content\/uploads\/2025\/05\/495368684_1211574747421692_8659948752750243784_n-768x513.jpg 768w, https:\/\/xtremec.com\/wp-content\/uploads\/2025\/05\/495368684_1211574747421692_8659948752750243784_n-600x401.jpg 600w, https:\/\/xtremec.com\/wp-content\/uploads\/2025\/05\/495368684_1211574747421692_8659948752750243784_n.jpg 1080w\" sizes=\"(max-width: 1024px) 100vw, 1024px\" \/><\/figure>\n<\/figure>\n","protected":false},"excerpt":{"rendered":"<p>El Gobierno de Pastaza acompa\u00f1\u00f3 a las Nacionalidades en el inicio de la conmemoraci\u00f3n de su hist\u00f3rica lucha desde 1992, con el \u201cDia de las Nacionalidades de Pastaza 2025\u201d. En&hellip;<\/p>\n","protected":false},"author":1,"featured_media":398,"comment_status":"open","ping_status":"open","sticky":false,"template":"","format":"standard","meta":{"footnotes":""},"categories":[1],"tags":[],"class_list":["post-395","post","type-post","status-publish","format-standard","has-post-thumbnail","hentry","category-uncategorized"],"_links":{"self":[{"href":"https:\/\/xtremec.com\/index.php\/wp-json\/wp\/v2\/posts\/395","targetHints":{"allow":["GET"]}}],"collection":[{"href":"https:\/\/xtremec.com\/index.php\/wp-json\/wp\/v2\/posts"}],"about":[{"href":"https:\/\/xtremec.com\/index.php\/wp-json\/wp\/v2\/types\/post"}],"author":[{"embeddable":true,"href":"https:\/\/xtremec.com\/index.php\/wp-json\/wp\/v2\/users\/1"}],"replies":[{"embeddable":true,"href":"https:\/\/xtremec.com\/index.php\/wp-json\/wp\/v2\/comments?post=395"}],"version-history":[{"count":1,"href":"https:\/\/xtremec.com\/index.php\/wp-json\/wp\/v2\/posts\/395\/revisions"}],"predecessor-version":[{"id":399,"href":"https:\/\/xtremec.com\/index.php\/wp-json\/wp\/v2\/posts\/395\/revisions\/399"}],"wp:featuredmedia":[{"embeddable":true,"href":"https:\/\/xtremec.com\/index.php\/wp-json\/wp\/v2\/media\/398"}],"wp:attachment":[{"href":"https:\/\/xtremec.com\/index.php\/wp-json\/wp\/v2\/media?parent=395"}],"wp:term":[{"taxonomy":"category","embeddable":true,"href":"https:\/\/xtremec.com\/index.php\/wp-json\/wp\/v2\/categories?post=395"},{"taxonomy":"post_tag","embeddable":true,"href":"https:\/\/xtremec.com\/index.php\/wp-json\/wp\/v2\/tags?post=395"}],"curies":[{"name":"wp","href":"https:\/\/api.w.org\/{rel}","templated":true}]}}