{"id":516,"date":"2025-05-23T18:16:00","date_gmt":"2025-05-23T18:16:00","guid":{"rendered":"https:\/\/xtremec.com\/?p=516"},"modified":"2025-05-28T23:08:22","modified_gmt":"2025-05-28T23:08:22","slug":"estamos-presentes-en-la-gcf-task-force-junto-a-lideres-de-gobiernos-subnacionales-de-11-paises","status":"publish","type":"post","link":"https:\/\/xtremec.com\/index.php\/2025\/05\/23\/estamos-presentes-en-la-gcf-task-force-junto-a-lideres-de-gobiernos-subnacionales-de-11-paises\/","title":{"rendered":"Estamos presentes en la GCF Task Force junto a l\u00edderes de gobiernos subnacionales de 11 pa\u00edses."},"content":{"rendered":"\n<p><a href=\"https:\/\/www.facebook.com\/hashtag\/brasil?__eep__=6&amp;__cft__[0]=AZVrO7KDnVkR3MTtY3UckfTz2MGUARa78lICueeZ-tJBWlbmgbl-VQ6SIjCvKGiGIrajFJqRnoD3t16q64uuVUUGgfix4rR6fh0O8XI1RuX3VIqEDCyoqIYkk5X2ZazXq56ZrLYbQ-CUbSEGM3BVXGnbo9Ajr5GaSEsAKH0mweQ0fg&amp;__tn__=*NK-R\">#Brasil<\/a>, Estado de Acre. <\/p>\n\n\n\n<p>Andr\u00e9 Granda contin\u00faa posicionando con \u00e9xito a nuestra provincia, destac\u00e1ndose junto a autoridades y delegaciones ecuatorianas en las jornadas iniciales del Grupo de Trabajo de Gobernadores por el Clima y los Bosques.<\/p>\n\n\n\n<p>Esta es una valiosa oportunidad para fortalecer relaciones internacionales y explorar nuevos proyectos de cooperaci\u00f3n, las reuniones y gesti\u00f3n del prefecto ampliar\u00e1n el impulso a la conservaci\u00f3n, restauraci\u00f3n y uso sostenible de nuestros bosques, con una visi\u00f3n clara hacia el desarrollo social y econ\u00f3mico de nuestro territorio.<\/p>\n\n\n\n<p>El encuentro se desarrollar\u00e1 hasta el viernes 23 de mayo. \u00a1Pastaza avanza sin detenerse, siempre con buenas noticias!<\/p>\n\n\n\n<p><a href=\"https:\/\/www.facebook.com\/hashtag\/elgobiernodelanimo?__eep__=6&amp;__cft__[0]=AZVrO7KDnVkR3MTtY3UckfTz2MGUARa78lICueeZ-tJBWlbmgbl-VQ6SIjCvKGiGIrajFJqRnoD3t16q64uuVUUGgfix4rR6fh0O8XI1RuX3VIqEDCyoqIYkk5X2ZazXq56ZrLYbQ-CUbSEGM3BVXGnbo9Ajr5GaSEsAKH0mweQ0fg&amp;__tn__=*NK-R\">#ElGobiernoDelAnimo<\/a><\/p>\n\n\n\n<figure class=\"wp-block-gallery has-nested-images columns-default is-cropped wp-block-gallery-1 is-layout-flex wp-block-gallery-is-layout-flex\">\n<figure class=\"wp-block-image size-large\"><img fetchpriority=\"high\" decoding=\"async\" width=\"1024\" height=\"683\" data-id=\"519\" src=\"https:\/\/xtremec.com\/wp-content\/uploads\/2025\/05\/500276281_1220395006539666_1869187978608309493_n-1024x683.jpg\" alt=\"\" class=\"wp-image-519\" srcset=\"https:\/\/xtremec.com\/wp-content\/uploads\/2025\/05\/500276281_1220395006539666_1869187978608309493_n-1024x683.jpg 1024w, https:\/\/xtremec.com\/wp-content\/uploads\/2025\/05\/500276281_1220395006539666_1869187978608309493_n-300x200.jpg 300w, https:\/\/xtremec.com\/wp-content\/uploads\/2025\/05\/500276281_1220395006539666_1869187978608309493_n-768x512.jpg 768w, https:\/\/xtremec.com\/wp-content\/uploads\/2025\/05\/500276281_1220395006539666_1869187978608309493_n-600x400.jpg 600w, https:\/\/xtremec.com\/wp-content\/uploads\/2025\/05\/500276281_1220395006539666_1869187978608309493_n.jpg 1440w\" sizes=\"(max-width: 1024px) 100vw, 1024px\" \/><\/figure>\n\n\n\n<figure class=\"wp-block-image size-large\"><img decoding=\"async\" width=\"1024\" height=\"683\" data-id=\"520\" src=\"https:\/\/xtremec.com\/wp-content\/uploads\/2025\/05\/500289758_1220395009872999_6038772747038410918_n-1024x683.jpg\" alt=\"\" class=\"wp-image-520\" srcset=\"https:\/\/xtremec.com\/wp-content\/uploads\/2025\/05\/500289758_1220395009872999_6038772747038410918_n-1024x683.jpg 1024w, https:\/\/xtremec.com\/wp-content\/uploads\/2025\/05\/500289758_1220395009872999_6038772747038410918_n-300x200.jpg 300w, https:\/\/xtremec.com\/wp-content\/uploads\/2025\/05\/500289758_1220395009872999_6038772747038410918_n-768x512.jpg 768w, https:\/\/xtremec.com\/wp-content\/uploads\/2025\/05\/500289758_1220395009872999_6038772747038410918_n-600x400.jpg 600w, https:\/\/xtremec.com\/wp-content\/uploads\/2025\/05\/500289758_1220395009872999_6038772747038410918_n.jpg 1440w\" sizes=\"(max-width: 1024px) 100vw, 1024px\" \/><\/figure>\n\n\n\n<figure class=\"wp-block-image size-large\"><img decoding=\"async\" width=\"1024\" height=\"683\" data-id=\"518\" src=\"https:\/\/xtremec.com\/wp-content\/uploads\/2025\/05\/501052864_1220394946539672_8338489854283119293_n-1024x683.jpg\" alt=\"\" class=\"wp-image-518\" srcset=\"https:\/\/xtremec.com\/wp-content\/uploads\/2025\/05\/501052864_1220394946539672_8338489854283119293_n-1024x683.jpg 1024w, https:\/\/xtremec.com\/wp-content\/uploads\/2025\/05\/501052864_1220394946539672_8338489854283119293_n-300x200.jpg 300w, https:\/\/xtremec.com\/wp-content\/uploads\/2025\/05\/501052864_1220394946539672_8338489854283119293_n-768x512.jpg 768w, https:\/\/xtremec.com\/wp-content\/uploads\/2025\/05\/501052864_1220394946539672_8338489854283119293_n-600x400.jpg 600w, https:\/\/xtremec.com\/wp-content\/uploads\/2025\/05\/501052864_1220394946539672_8338489854283119293_n.jpg 1440w\" sizes=\"(max-width: 1024px) 100vw, 1024px\" \/><\/figure>\n\n\n\n<figure class=\"wp-block-image size-large\"><img loading=\"lazy\" decoding=\"async\" width=\"1024\" height=\"683\" data-id=\"517\" src=\"https:\/\/xtremec.com\/wp-content\/uploads\/2025\/05\/500385136_1220395036539663_4411550460052115020_n-1024x683.jpg\" alt=\"\" class=\"wp-image-517\" srcset=\"https:\/\/xtremec.com\/wp-content\/uploads\/2025\/05\/500385136_1220395036539663_4411550460052115020_n-1024x683.jpg 1024w, https:\/\/xtremec.com\/wp-content\/uploads\/2025\/05\/500385136_1220395036539663_4411550460052115020_n-300x200.jpg 300w, https:\/\/xtremec.com\/wp-content\/uploads\/2025\/05\/500385136_1220395036539663_4411550460052115020_n-768x512.jpg 768w, https:\/\/xtremec.com\/wp-content\/uploads\/2025\/05\/500385136_1220395036539663_4411550460052115020_n-600x400.jpg 600w, https:\/\/xtremec.com\/wp-content\/uploads\/2025\/05\/500385136_1220395036539663_4411550460052115020_n.jpg 1440w\" sizes=\"(max-width: 1024px) 100vw, 1024px\" \/><\/figure>\n<\/figure>\n","protected":false},"excerpt":{"rendered":"<p>#Brasil, Estado de Acre. Andr\u00e9 Granda contin\u00faa posicionando con \u00e9xito a nuestra provincia, destac\u00e1ndose junto a autoridades y delegaciones ecuatorianas en las jornadas iniciales del Grupo de Trabajo de Gobernadores&hellip;<\/p>\n","protected":false},"author":1,"featured_media":521,"comment_status":"open","ping_status":"open","sticky":false,"template":"","format":"standard","meta":{"footnotes":""},"categories":[1],"tags":[],"class_list":["post-516","post","type-post","status-publish","format-standard","has-post-thumbnail","hentry","category-uncategorized"],"_links":{"self":[{"href":"https:\/\/xtremec.com\/index.php\/wp-json\/wp\/v2\/posts\/516","targetHints":{"allow":["GET"]}}],"collection":[{"href":"https:\/\/xtremec.com\/index.php\/wp-json\/wp\/v2\/posts"}],"about":[{"href":"https:\/\/xtremec.com\/index.php\/wp-json\/wp\/v2\/types\/post"}],"author":[{"embeddable":true,"href":"https:\/\/xtremec.com\/index.php\/wp-json\/wp\/v2\/users\/1"}],"replies":[{"embeddable":true,"href":"https:\/\/xtremec.com\/index.php\/wp-json\/wp\/v2\/comments?post=516"}],"version-history":[{"count":1,"href":"https:\/\/xtremec.com\/index.php\/wp-json\/wp\/v2\/posts\/516\/revisions"}],"predecessor-version":[{"id":522,"href":"https:\/\/xtremec.com\/index.php\/wp-json\/wp\/v2\/posts\/516\/revisions\/522"}],"wp:featuredmedia":[{"embeddable":true,"href":"https:\/\/xtremec.com\/index.php\/wp-json\/wp\/v2\/media\/521"}],"wp:attachment":[{"href":"https:\/\/xtremec.com\/index.php\/wp-json\/wp\/v2\/media?parent=516"}],"wp:term":[{"taxonomy":"category","embeddable":true,"href":"https:\/\/xtremec.com\/index.php\/wp-json\/wp\/v2\/categories?post=516"},{"taxonomy":"post_tag","embeddable":true,"href":"https:\/\/xtremec.com\/index.php\/wp-json\/wp\/v2\/tags?post=516"}],"curies":[{"name":"wp","href":"https:\/\/api.w.org\/{rel}","templated":true}]}}