{"id":844,"date":"2025-07-02T08:13:00","date_gmt":"2025-07-02T08:13:00","guid":{"rendered":"https:\/\/xtremec.com\/?p=844"},"modified":"2025-08-01T03:18:04","modified_gmt":"2025-08-01T03:18:04","slug":"agenda-y-acciones-territorio-shuar","status":"publish","type":"post","link":"https:\/\/xtremec.com\/index.php\/2025\/07\/02\/agenda-y-acciones-territorio-shuar\/","title":{"rendered":"AGENDA Y ACCIONES TERRITORIO SHUAR"},"content":{"rendered":"\n<p>Andr\u00e9 Granda, prefecto de Pastaza, visit\u00f3 la comunidad Tuna, un referente tur\u00edstico y ecol\u00f3gico de la parroquia Sim\u00f3n Bol\u00edvar, ubicada a orillas del r\u00edo Pastaza.<\/p>\n\n\n\n<p>Durante la jornada se socializaron diversas acciones impulsadas por el Gobierno de Pastaza, especialmente en los \u00e1mbitos de vialidad y producci\u00f3n. Adem\u00e1s, representantes de varias comunidades de la nacionalidad Shuar, junto al presidente de FENASH-P, Mes\u00edas Moncayo, reconocieron los avances del proyecto vial Chuwitayu \u2013 Kumay, la construcci\u00f3n del puente sobre el r\u00edo Oso, el mantenimiento constante y los frentes viales activos, as\u00ed como el fortalecimiento productivo en la zona.<\/p>\n\n\n\n<p>Seguimos siempre en territorio, escuchando y trabajando junto a nuestras comunidades.<\/p>\n\n\n\n<p><a href=\"https:\/\/www.facebook.com\/hashtag\/elgobiernodelanimo?__eep__=6&amp;__cft__[0]=AZVAwoo-099HXYAieVKaOepNFzO6CYFLyvG0EgWavrEiT0-0VL8ZKGzYgHOoBGa2a8XFoOe6ICCqHHq1l6Epd2qdu96gwq44yzo9x5pq9vggKZWwdQKYch9s3TOShT_7YoY9R-DZl6C6O5b6FT1TcaPd0UCX3UXnpdPyyt9EfVOepw&amp;__tn__=*NK-R\">#ElGobiernoDelAnimo<\/a><\/p>\n\n\n\n<figure class=\"wp-block-gallery has-nested-images columns-default is-cropped wp-block-gallery-1 is-layout-flex wp-block-gallery-is-layout-flex\">\n<figure class=\"wp-block-image size-large\"><img fetchpriority=\"high\" decoding=\"async\" width=\"1024\" height=\"682\" data-id=\"845\" src=\"https:\/\/xtremec.com\/wp-content\/uploads\/2025\/08\/515106393_1250313056881194_4752117275598553736_n-1024x682.jpg\" alt=\"\" class=\"wp-image-845\" srcset=\"https:\/\/xtremec.com\/wp-content\/uploads\/2025\/08\/515106393_1250313056881194_4752117275598553736_n-1024x682.jpg 1024w, https:\/\/xtremec.com\/wp-content\/uploads\/2025\/08\/515106393_1250313056881194_4752117275598553736_n-300x200.jpg 300w, https:\/\/xtremec.com\/wp-content\/uploads\/2025\/08\/515106393_1250313056881194_4752117275598553736_n-768x512.jpg 768w, https:\/\/xtremec.com\/wp-content\/uploads\/2025\/08\/515106393_1250313056881194_4752117275598553736_n-1536x1023.jpg 1536w, https:\/\/xtremec.com\/wp-content\/uploads\/2025\/08\/515106393_1250313056881194_4752117275598553736_n-600x400.jpg 600w, https:\/\/xtremec.com\/wp-content\/uploads\/2025\/08\/515106393_1250313056881194_4752117275598553736_n.jpg 1600w\" sizes=\"(max-width: 1024px) 100vw, 1024px\" \/><\/figure>\n\n\n\n<figure class=\"wp-block-image size-large\"><img decoding=\"async\" width=\"1024\" height=\"682\" data-id=\"846\" src=\"https:\/\/xtremec.com\/wp-content\/uploads\/2025\/08\/515552352_1250313110214522_5916510104748356091_n-1024x682.jpg\" alt=\"\" class=\"wp-image-846\" srcset=\"https:\/\/xtremec.com\/wp-content\/uploads\/2025\/08\/515552352_1250313110214522_5916510104748356091_n-1024x682.jpg 1024w, https:\/\/xtremec.com\/wp-content\/uploads\/2025\/08\/515552352_1250313110214522_5916510104748356091_n-300x200.jpg 300w, https:\/\/xtremec.com\/wp-content\/uploads\/2025\/08\/515552352_1250313110214522_5916510104748356091_n-768x512.jpg 768w, https:\/\/xtremec.com\/wp-content\/uploads\/2025\/08\/515552352_1250313110214522_5916510104748356091_n-1536x1023.jpg 1536w, https:\/\/xtremec.com\/wp-content\/uploads\/2025\/08\/515552352_1250313110214522_5916510104748356091_n-600x400.jpg 600w, https:\/\/xtremec.com\/wp-content\/uploads\/2025\/08\/515552352_1250313110214522_5916510104748356091_n.jpg 1600w\" sizes=\"(max-width: 1024px) 100vw, 1024px\" \/><\/figure>\n<\/figure>\n","protected":false},"excerpt":{"rendered":"<p>Andr\u00e9 Granda, prefecto de Pastaza, visit\u00f3 la comunidad Tuna, un referente tur\u00edstico y ecol\u00f3gico de la parroquia Sim\u00f3n Bol\u00edvar, ubicada a orillas del r\u00edo Pastaza. Durante la jornada se socializaron&hellip;<\/p>\n","protected":false},"author":1,"featured_media":847,"comment_status":"open","ping_status":"open","sticky":false,"template":"","format":"standard","meta":{"footnotes":""},"categories":[1],"tags":[],"class_list":["post-844","post","type-post","status-publish","format-standard","has-post-thumbnail","hentry","category-uncategorized"],"_links":{"self":[{"href":"https:\/\/xtremec.com\/index.php\/wp-json\/wp\/v2\/posts\/844","targetHints":{"allow":["GET"]}}],"collection":[{"href":"https:\/\/xtremec.com\/index.php\/wp-json\/wp\/v2\/posts"}],"about":[{"href":"https:\/\/xtremec.com\/index.php\/wp-json\/wp\/v2\/types\/post"}],"author":[{"embeddable":true,"href":"https:\/\/xtremec.com\/index.php\/wp-json\/wp\/v2\/users\/1"}],"replies":[{"embeddable":true,"href":"https:\/\/xtremec.com\/index.php\/wp-json\/wp\/v2\/comments?post=844"}],"version-history":[{"count":1,"href":"https:\/\/xtremec.com\/index.php\/wp-json\/wp\/v2\/posts\/844\/revisions"}],"predecessor-version":[{"id":848,"href":"https:\/\/xtremec.com\/index.php\/wp-json\/wp\/v2\/posts\/844\/revisions\/848"}],"wp:featuredmedia":[{"embeddable":true,"href":"https:\/\/xtremec.com\/index.php\/wp-json\/wp\/v2\/media\/847"}],"wp:attachment":[{"href":"https:\/\/xtremec.com\/index.php\/wp-json\/wp\/v2\/media?parent=844"}],"wp:term":[{"taxonomy":"category","embeddable":true,"href":"https:\/\/xtremec.com\/index.php\/wp-json\/wp\/v2\/categories?post=844"},{"taxonomy":"post_tag","embeddable":true,"href":"https:\/\/xtremec.com\/index.php\/wp-json\/wp\/v2\/tags?post=844"}],"curies":[{"name":"wp","href":"https:\/\/api.w.org\/{rel}","templated":true}]}}