{"id":951,"date":"2025-07-22T16:23:00","date_gmt":"2025-07-22T16:23:00","guid":{"rendered":"https:\/\/xtremec.com\/?p=951"},"modified":"2025-08-03T19:24:49","modified_gmt":"2025-08-03T19:24:49","slug":"entregamos-un-renovado-citet","status":"publish","type":"post","link":"https:\/\/xtremec.com\/index.php\/2025\/07\/22\/entregamos-un-renovado-citet\/","title":{"rendered":"Entregamos un renovado CITET"},"content":{"rendered":"\n<p><a href=\"https:\/\/www.facebook.com\/hashtag\/unaobraxsemana?__eep__=6&amp;__cft__[0]=AZWNCAuQHhT8O55hDdmpFaWz4OosZR3wdlEhoworNvmW9KBi3GYQ1MTGIrvnH7HNqdb5JXZn85S_-xztYfo2fI-HvOyOC_pBuXQcTwHIxbWrmdlqe8Ym0abQW3FC71xr-yXvoY1_KM8-4VEu_7qVYYNLSS9Jh6h55DpVSgJn1YAq6Q&amp;__tn__=*NK-R\">#UnaObraXSemana<\/a><img decoding=\"async\" height=\"16\" width=\"16\" alt=\"\u2705\" src=\"https:\/\/static.xx.fbcdn.net\/images\/emoji.php\/v9\/t33\/1\/16\/2705.png\"> \u00a1Entregamos un renovado CITET para nuestros ni\u00f1os con discapacidad!<\/p>\n\n\n\n<p>Con orgullo y compromiso, el prefecto Andr\u00e9 Granda hizo realidad la obra semanal n\u00famero 29: la remodelaci\u00f3n total del CITET, nuestro Centro de Atenci\u00f3n a ni\u00f1os y j\u00f3venes con discapacidad. Un centro \u00fanico en la Amazon\u00eda y al que le damos toda nuestra prioridad.<\/p>\n\n\n\n<p>Esta obra social transforma vidas, garantiza espacios dignos y accesibles, y reafirma nuestro compromiso con los sectores m\u00e1s necesitados de la provincia.<\/p>\n\n\n\n<p><img decoding=\"async\" height=\"16\" width=\"16\" alt=\"\ud83d\udd27\" src=\"https:\/\/static.xx.fbcdn.net\/images\/emoji.php\/v9\/t52\/1\/16\/1f527.png\"> M\u00e1s infraestructura<\/p>\n\n\n\n<p><img decoding=\"async\" height=\"16\" width=\"16\" alt=\"\ud83e\udd1d\" src=\"https:\/\/static.xx.fbcdn.net\/images\/emoji.php\/v9\/t64\/1\/16\/1f91d.png\"> M\u00e1s inclusi\u00f3n<\/p>\n\n\n\n<p><img loading=\"lazy\" decoding=\"async\" height=\"16\" width=\"16\" alt=\"\ud83d\udc9a\" src=\"https:\/\/static.xx.fbcdn.net\/images\/emoji.php\/v9\/t94\/1\/16\/1f49a.png\"> M\u00e1s \u00e1nimo y esperanza para seguir construyendo futuro<\/p>\n\n\n\n<p>\u00a1Lo social es importante para el Gobierno de Pastaza y esto reci\u00e9n empieza!<\/p>\n\n\n\n<p><a href=\"https:\/\/www.facebook.com\/hashtag\/elgobiernodel%C3%A1nimo?__eep__=6&amp;__cft__[0]=AZWNCAuQHhT8O55hDdmpFaWz4OosZR3wdlEhoworNvmW9KBi3GYQ1MTGIrvnH7HNqdb5JXZn85S_-xztYfo2fI-HvOyOC_pBuXQcTwHIxbWrmdlqe8Ym0abQW3FC71xr-yXvoY1_KM8-4VEu_7qVYYNLSS9Jh6h55DpVSgJn1YAq6Q&amp;__tn__=*NK-R\">#ElGobiernoDel\u00c1nimo<\/a><\/p>\n\n\n\n<figure class=\"wp-block-gallery has-nested-images columns-default is-cropped wp-block-gallery-1 is-layout-flex wp-block-gallery-is-layout-flex\">\n<figure class=\"wp-block-image size-large\"><img loading=\"lazy\" decoding=\"async\" width=\"1024\" height=\"683\" data-id=\"954\" src=\"https:\/\/xtremec.com\/wp-content\/uploads\/2025\/08\/520905169_1265764322002734_4539502532139711684_n-1024x683.jpg\" alt=\"\" class=\"wp-image-954\" srcset=\"https:\/\/xtremec.com\/wp-content\/uploads\/2025\/08\/520905169_1265764322002734_4539502532139711684_n-1024x683.jpg 1024w, https:\/\/xtremec.com\/wp-content\/uploads\/2025\/08\/520905169_1265764322002734_4539502532139711684_n-300x200.jpg 300w, https:\/\/xtremec.com\/wp-content\/uploads\/2025\/08\/520905169_1265764322002734_4539502532139711684_n-768x512.jpg 768w, https:\/\/xtremec.com\/wp-content\/uploads\/2025\/08\/520905169_1265764322002734_4539502532139711684_n-1536x1024.jpg 1536w, https:\/\/xtremec.com\/wp-content\/uploads\/2025\/08\/520905169_1265764322002734_4539502532139711684_n-600x400.jpg 600w, https:\/\/xtremec.com\/wp-content\/uploads\/2025\/08\/520905169_1265764322002734_4539502532139711684_n.jpg 2048w\" sizes=\"(max-width: 1024px) 100vw, 1024px\" \/><\/figure>\n\n\n\n<figure class=\"wp-block-image size-large\"><img loading=\"lazy\" decoding=\"async\" width=\"1024\" height=\"683\" data-id=\"952\" src=\"https:\/\/xtremec.com\/wp-content\/uploads\/2025\/08\/520906339_1265764325336067_3137445709491640626_n-1024x683.jpg\" alt=\"\" class=\"wp-image-952\" srcset=\"https:\/\/xtremec.com\/wp-content\/uploads\/2025\/08\/520906339_1265764325336067_3137445709491640626_n-1024x683.jpg 1024w, https:\/\/xtremec.com\/wp-content\/uploads\/2025\/08\/520906339_1265764325336067_3137445709491640626_n-300x200.jpg 300w, https:\/\/xtremec.com\/wp-content\/uploads\/2025\/08\/520906339_1265764325336067_3137445709491640626_n-768x512.jpg 768w, https:\/\/xtremec.com\/wp-content\/uploads\/2025\/08\/520906339_1265764325336067_3137445709491640626_n-1536x1024.jpg 1536w, https:\/\/xtremec.com\/wp-content\/uploads\/2025\/08\/520906339_1265764325336067_3137445709491640626_n-600x400.jpg 600w, https:\/\/xtremec.com\/wp-content\/uploads\/2025\/08\/520906339_1265764325336067_3137445709491640626_n.jpg 2048w\" sizes=\"(max-width: 1024px) 100vw, 1024px\" \/><\/figure>\n\n\n\n<figure class=\"wp-block-image size-large\"><img loading=\"lazy\" decoding=\"async\" width=\"1024\" height=\"683\" data-id=\"953\" src=\"https:\/\/xtremec.com\/wp-content\/uploads\/2025\/08\/520786283_1265764328669400_6664960987886507262_n-1024x683.jpg\" alt=\"\" class=\"wp-image-953\" srcset=\"https:\/\/xtremec.com\/wp-content\/uploads\/2025\/08\/520786283_1265764328669400_6664960987886507262_n-1024x683.jpg 1024w, https:\/\/xtremec.com\/wp-content\/uploads\/2025\/08\/520786283_1265764328669400_6664960987886507262_n-300x200.jpg 300w, https:\/\/xtremec.com\/wp-content\/uploads\/2025\/08\/520786283_1265764328669400_6664960987886507262_n-768x512.jpg 768w, https:\/\/xtremec.com\/wp-content\/uploads\/2025\/08\/520786283_1265764328669400_6664960987886507262_n-1536x1024.jpg 1536w, https:\/\/xtremec.com\/wp-content\/uploads\/2025\/08\/520786283_1265764328669400_6664960987886507262_n-600x400.jpg 600w, https:\/\/xtremec.com\/wp-content\/uploads\/2025\/08\/520786283_1265764328669400_6664960987886507262_n.jpg 2048w\" sizes=\"(max-width: 1024px) 100vw, 1024px\" \/><\/figure>\n<\/figure>\n","protected":false},"excerpt":{"rendered":"<p>#UnaObraXSemana \u00a1Entregamos un renovado CITET para nuestros ni\u00f1os con discapacidad! Con orgullo y compromiso, el prefecto Andr\u00e9 Granda hizo realidad la obra semanal n\u00famero 29: la remodelaci\u00f3n total del CITET,&hellip;<\/p>\n","protected":false},"author":1,"featured_media":955,"comment_status":"open","ping_status":"open","sticky":false,"template":"","format":"standard","meta":{"footnotes":""},"categories":[1],"tags":[],"class_list":["post-951","post","type-post","status-publish","format-standard","has-post-thumbnail","hentry","category-uncategorized"],"_links":{"self":[{"href":"https:\/\/xtremec.com\/index.php\/wp-json\/wp\/v2\/posts\/951","targetHints":{"allow":["GET"]}}],"collection":[{"href":"https:\/\/xtremec.com\/index.php\/wp-json\/wp\/v2\/posts"}],"about":[{"href":"https:\/\/xtremec.com\/index.php\/wp-json\/wp\/v2\/types\/post"}],"author":[{"embeddable":true,"href":"https:\/\/xtremec.com\/index.php\/wp-json\/wp\/v2\/users\/1"}],"replies":[{"embeddable":true,"href":"https:\/\/xtremec.com\/index.php\/wp-json\/wp\/v2\/comments?post=951"}],"version-history":[{"count":1,"href":"https:\/\/xtremec.com\/index.php\/wp-json\/wp\/v2\/posts\/951\/revisions"}],"predecessor-version":[{"id":956,"href":"https:\/\/xtremec.com\/index.php\/wp-json\/wp\/v2\/posts\/951\/revisions\/956"}],"wp:featuredmedia":[{"embeddable":true,"href":"https:\/\/xtremec.com\/index.php\/wp-json\/wp\/v2\/media\/955"}],"wp:attachment":[{"href":"https:\/\/xtremec.com\/index.php\/wp-json\/wp\/v2\/media?parent=951"}],"wp:term":[{"taxonomy":"category","embeddable":true,"href":"https:\/\/xtremec.com\/index.php\/wp-json\/wp\/v2\/categories?post=951"},{"taxonomy":"post_tag","embeddable":true,"href":"https:\/\/xtremec.com\/index.php\/wp-json\/wp\/v2\/tags?post=951"}],"curies":[{"name":"wp","href":"https:\/\/api.w.org\/{rel}","templated":true}]}}